{"id":7657,"date":"2017-04-08T05:44:45","date_gmt":"2017-04-08T05:44:45","guid":{"rendered":"http:\/\/reendex.via-theme.com\/?p=7657"},"modified":"2017-04-08T05:44:45","modified_gmt":"2017-04-08T05:44:45","slug":"peneda-geres-portugal","status":"publish","type":"post","link":"https:\/\/www.ruhrstadtregion.de\/index.php\/2017\/04\/08\/peneda-geres-portugal\/","title":{"rendered":"Peneda-Ger\u00eas Portugal"},"content":{"rendered":"<p>The Peneda-Ger\u00eas National Park, also known simply as Ger\u00eas, is the only national park in Portugal . It is located in the Norte region, in the northwest of Portugal, specifically in the districts of Viana do Castelo, Braga, and Vila Real.<\/p>\n","protected":false},"excerpt":{"rendered":"<p>The Peneda-Ger\u00eas National Park, also known simply as Ger\u00eas, is the only national park in Portugal . It is located in the Norte region, in the northwest of Portugal, specifically in the districts of Viana do Castelo, Braga, and Vila Real.<\/p>\n","protected":false},"author":1,"featured_media":4006,"comment_status":"closed","ping_status":"closed","sticky":false,"template":"","format":"standard","meta":[],"categories":[260],"tags":[375,394,412,429,432,474],"_links":{"self":[{"href":"https:\/\/www.ruhrstadtregion.de\/index.php\/wp-json\/wp\/v2\/posts\/7657"}],"collection":[{"href":"https:\/\/www.ruhrstadtregion.de\/index.php\/wp-json\/wp\/v2\/posts"}],"about":[{"href":"https:\/\/www.ruhrstadtregion.de\/index.php\/wp-json\/wp\/v2\/types\/post"}],"author":[{"embeddable":true,"href":"https:\/\/www.ruhrstadtregion.de\/index.php\/wp-json\/wp\/v2\/users\/1"}],"replies":[{"embeddable":true,"href":"https:\/\/www.ruhrstadtregion.de\/index.php\/wp-json\/wp\/v2\/comments?post=7657"}],"version-history":[{"count":0,"href":"https:\/\/www.ruhrstadtregion.de\/index.php\/wp-json\/wp\/v2\/posts\/7657\/revisions"}],"wp:featuredmedia":[{"embeddable":true,"href":"https:\/\/www.ruhrstadtregion.de\/index.php\/wp-json\/wp\/v2\/media\/4006"}],"wp:attachment":[{"href":"https:\/\/www.ruhrstadtregion.de\/index.php\/wp-json\/wp\/v2\/media?parent=7657"}],"wp:term":[{"taxonomy":"category","embeddable":true,"href":"https:\/\/www.ruhrstadtregion.de\/index.php\/wp-json\/wp\/v2\/categories?post=7657"},{"taxonomy":"post_tag","embeddable":true,"href":"https:\/\/www.ruhrstadtregion.de\/index.php\/wp-json\/wp\/v2\/tags?post=7657"}],"curies":[{"name":"wp","href":"https:\/\/api.w.org\/{rel}","templated":true}]}}